{"id":8263,"date":"2025-09-10T12:45:09","date_gmt":"2025-09-10T10:45:09","guid":{"rendered":"https:\/\/iictirana.esteri.it\/?p=8263"},"modified":"2025-09-10T12:45:09","modified_gmt":"2025-09-10T10:45:09","slug":"40-vjet-studime-italisht-ne-universitetin-e-tiranes-1984-2024-kujtime-reflektime-dhe-perspektiva-te-ardhshme","status":"publish","type":"post","link":"https:\/\/iictirana.esteri.it\/sq\/news\/dall_istituto\/2025\/09\/40-vjet-studime-italisht-ne-universitetin-e-tiranes-1984-2024-kujtime-reflektime-dhe-perspektiva-te-ardhshme\/","title":{"rendered":"40 vjet studime Italisht n\u00eb Universitetin e Tiran\u00ebs (1984-2024): kujtime, reflektime dhe perspektiva t\u00eb ardhshme"},"content":{"rendered":"<p>Departamenti i Gjuh\u00ebs Italiane, me rastin e 40-vjetorit t\u00eb themelimit t\u00eb tij, po organizon nj\u00eb konferenc\u00eb nd\u00ebrkomb\u00ebtare m\u00eb <strong>19-20 n\u00ebntor 2025<\/strong>.<br \/>\nKonferenca do t\u00eb mbahet pran\u00eb Fakultetit t\u00eb Gjuh\u00ebve t\u00eb Huaja t\u00eb Universitetit t\u00eb Tiran\u00ebs dhe do t\u00eb transmetohet edhe online n\u00eb Google Meet.<br \/>\nDocent\u00ebt, studiuesit, student\u00ebt, ish-student\u00ebt dhe t\u00eb gjith\u00eb t\u00eb interesuarit p\u00ebr gjuh\u00ebn dhe kultur\u00ebn italiane, jan\u00eb t\u00eb ftuar t\u00eb marrin pjes\u00eb.<\/p>\n<p>Thirrja p\u00ebr pjes\u00ebmarrje \u00ebsht\u00eb e disponueshme n\u00eb linkun e m\u00ebposht\u00ebm: <a href=\"https:\/\/fgjh.edu.al\/wp-content\/uploads\/2025\/08\/CALL-FOR-PARTICIPATION-40-anniversario-DGJI-FGJH.pdf\">klikoni k\u00ebtu<\/a><\/p>\n<p>Afati i fundit: 15 tetor 2025<\/p>\n","protected":false},"excerpt":{"rendered":"Departamenti i Gjuh\u00ebs Italiane, me rastin e 40-vjetorit t\u00eb themelimit t\u00eb tij, po organizon nj\u00eb konferenc\u00eb nd\u00ebrkomb\u00ebtare m\u00eb 19-20 n\u00ebntor 2025. Konferenca do t\u00eb mbahet pran\u00eb Fakultetit t\u00eb Gjuh\u00ebve t\u00eb Huaja t\u00eb Universitetit t\u00eb Tiran\u00ebs dhe do t\u00eb transmetohet edhe online n\u00eb Google Meet. Docent\u00ebt, studiuesit, student\u00ebt, ish-student\u00ebt dhe t\u00eb gjith\u00eb t\u00eb interesuarit p\u00ebr gjuh\u00ebn [&hellip;]","protected":false},"author":9,"featured_media":8250,"comment_status":"closed","ping_status":"closed","sticky":false,"template":"","format":"standard","meta":{"footnotes":""},"tags":[],"class_list":["post-8263","post","type-post","status-publish","format-standard","has-post-thumbnail","hentry"],"_links":{"self":[{"href":"https:\/\/iictirana.esteri.it\/sq\/wp-json\/wp\/v2\/posts\/8263","targetHints":{"allow":["GET"]}}],"collection":[{"href":"https:\/\/iictirana.esteri.it\/sq\/wp-json\/wp\/v2\/posts"}],"about":[{"href":"https:\/\/iictirana.esteri.it\/sq\/wp-json\/wp\/v2\/types\/post"}],"author":[{"embeddable":true,"href":"https:\/\/iictirana.esteri.it\/sq\/wp-json\/wp\/v2\/users\/9"}],"replies":[{"embeddable":true,"href":"https:\/\/iictirana.esteri.it\/sq\/wp-json\/wp\/v2\/comments?post=8263"}],"version-history":[{"count":1,"href":"https:\/\/iictirana.esteri.it\/sq\/wp-json\/wp\/v2\/posts\/8263\/revisions"}],"predecessor-version":[{"id":8265,"href":"https:\/\/iictirana.esteri.it\/sq\/wp-json\/wp\/v2\/posts\/8263\/revisions\/8265"}],"wp:featuredmedia":[{"embeddable":true,"href":"https:\/\/iictirana.esteri.it\/sq\/wp-json\/wp\/v2\/media\/8250"}],"wp:attachment":[{"href":"https:\/\/iictirana.esteri.it\/sq\/wp-json\/wp\/v2\/media?parent=8263"}],"wp:term":[{"taxonomy":"post_tag","embeddable":true,"href":"https:\/\/iictirana.esteri.it\/sq\/wp-json\/wp\/v2\/tags?post=8263"}],"curies":[{"name":"wp","href":"https:\/\/api.w.org\/{rel}","templated":true}]}}